{"id":3086,"date":"2025-04-01T21:30:23","date_gmt":"2025-04-01T20:30:23","guid":{"rendered":"https:\/\/isimarkets.com\/insights\/overview-setorial-a-incerteza-economica-no-canada-tarifas-inflacao-e-o-futuro-sob-mark-carney\/"},"modified":"2026-03-07T21:05:24","modified_gmt":"2026-03-07T21:05:24","slug":"overview-setorial-a-incerteza-economica-no-canada-tarifas-inflacao-e-o-futuro-sob-mark-carney","status":"publish","type":"post","link":"https:\/\/isimarkets.com\/pt-br\/publications\/overview-setorial-a-incerteza-economica-no-canada-tarifas-inflacao-e-o-futuro-sob-mark-carney\/","title":{"rendered":"Overview Setorial: A Incerteza Econ\u00f4mica no Canad\u00e1: Tarifas, Infla\u00e7\u00e3o e o Futuro Sob Mark Carney"},"content":{"rendered":"<h2 class=\"wp-block-heading\">Canad\u00e1 &#8211; Desafios Econ\u00f4micos e Elei\u00e7\u00f5es em Meio \u00e0 Incerteza<\/h2>\n<p class=\"wp-block-paragraph\"><strong>Highlights<\/strong><\/p>\n<ul class=\"wp-block-list\"><li>???? O desafio econ\u00f4mico mais significativo do Canad\u00e1 desde os anos 80 \u00e9 representado pelas tarifas de Donald Trump.<\/li><li>???? O \u00edndice de incerteza econ\u00f4mica atingiu seu pico hist\u00f3rico devido \u00e0 crescente ret\u00f3rica comercial de Trump.<\/li><li>???? A infla\u00e7\u00e3o canadense voltou a acelerar, superando as expectativas com um aumento de 2,6% em fevereiro.<\/li><li>\u2696\ufe0f O novo governo de Mark Carney enfrenta desafios geopol\u00edticos e econ\u00f4micos significativos logo ap\u00f3s sua ascens\u00e3o ao cargo.<\/li><li>???? O crescimento do PIB do Canad\u00e1 manteve uma tend\u00eancia positiva, com previs\u00e3o de acelera\u00e7\u00e3o no primeiro trimestre de 2025.<\/li><\/ul>\n<figure class=\"wp-block-image\"><img decoding=\"async\" src=\"https:\/\/isimarkets.com\/wp-content\/uploads\/clipboard_image_data-17.png\" alt=\"aHR0cHM6Ly9pbnNpZ2h0cy5jZWljZGF0YS5jb20vYXBpL3YxL3Zpc3VhbC81ZWFmMDU1Zi00YTE5LTQwY2EtODNiNC0yZWRmYzM2M2ZjY2MucG5nP2NvcHlfaWQ9NTEwNDQ1MTctNjdmMC00NzRlLTljNzgtZmVhN2MyZjQ4YjEyJmZhbGxiYWNrPSUyRmltYWdlJmFjY2Vzc190b2tlbj1VMkZzZEdWa1gxOEdUSTlxOWNRJTJGeiUyQlhwalNBUjZpUmxTY0pDMzRQR2s4ZHdrdENRODlHRVVCbGl6RiUyQldRb0tRNjRXM241VWMlMkZuMTAzayUyQkQzOWtDYmQ5MiUyQlQlMkZsTVhuekNFY2c5c3FoV1FzJTNE\" \/><\/figure>\n<p class=\"wp-block-paragraph\"><br>As tarifas de Donald Trump representam o maior desafio econ\u00f4mico que o Canad\u00e1 enfrentou desde a d\u00e9cada de 1980, segundo um indicador que analisa o fluxo de not\u00edcias. Esse \u00e9 tamb\u00e9m o desafio predominante para o novo primeiro-ministro Mark Carney, que convocou uma elei\u00e7\u00e3o para o dia 28 de abril \u2013 menos de duas semanas ap\u00f3s assumir a lideran\u00e7a do Partido Liberal de Justin Trudeau.<\/p>\n<p class=\"wp-block-paragraph\">O ex-presidente dos bancos centrais do Reino Unido e do Canad\u00e1 enfrenta um cen\u00e1rio geopol\u00edtico em que o presidente Trump amea\u00e7a repetidamente tornar o Canad\u00e1 o 51\u00ba estado dos EUA e as tarifas amea\u00e7am enfraquecer as ind\u00fastrias chave de autom\u00f3veis e alum\u00ednio. Enquanto isso, as tarifas canadenses sobre os carros el\u00e9tricos chineses provocaram medidas retaliat\u00f3rias por parte de um dos principais clientes das exporta\u00e7\u00f5es agr\u00edcolas do Canad\u00e1.<\/p>\n<p class=\"wp-block-paragraph\">O \u00edndice de Incerteza de Pol\u00edtica Econ\u00f4mica \u00e9 baseado na cobertura de jornais e busca artigos com termos-chave. No caso do Canad\u00e1, ele foca em cinco publica\u00e7\u00f5es: Montreal Gazette, Vancouver Sun, Toronto Star, Ottawa Citizen e Globe and Mail. O indicador conta o n\u00famero de artigos contendo os termos &#8220;incerto&#8221; ou &#8220;incerteza&#8221;, &#8220;econ\u00f4mico&#8221; ou &#8220;economia&#8221;, e termos como &#8220;pol\u00edtica&#8221;, &#8220;imposto&#8221;, &#8220;gastos&#8221;, &#8220;regula\u00e7\u00e3o&#8221;, &#8220;banco central&#8221;, &#8220;or\u00e7amento&#8221; e &#8220;d\u00e9ficit&#8221;.<\/p>\n<p class=\"wp-block-paragraph\">A incerteza, medida por esse \u00edndice, come\u00e7ou a aumentar acentuadamente ap\u00f3s a vit\u00f3ria de Trump nas elei\u00e7\u00f5es de novembro de 2024; disparou ainda mais para um recorde hist\u00f3rico em janeiro, quando Trump assumiu o cargo e intensificou sua ret\u00f3rica comercial. O \u00edndice ultrapassou os n\u00edveis observados no in\u00edcio da pandemia em 2020; enquanto os EUA e o M\u00e9xico tamb\u00e9m observaram crescimento em suas vers\u00f5es desse \u00edndice, ele n\u00e3o atingiu um recorde hist\u00f3rico.<\/p>\n<figure class=\"wp-block-image\"><img decoding=\"async\" src=\"https:\/\/isimarkets.com\/wp-content\/uploads\/clipboard_image_data-18.png\" alt=\"aHR0cHM6Ly9pbnNpZ2h0cy5jZWljZGF0YS5jb20vYXBpL3YxL3Zpc3VhbC80YmU3MjYxMC0wY2Y5LTRmZWEtYmEyOS00ZGMwMjZiNWM0MDMucG5nP2NvcHlfaWQ9MjMwOTJkNzItYTZlOS00OWFlLThiMzgtOTM1N2VkM2YyOTQ0JmZhbGxiYWNrPSUyRmltYWdlJmFjY2Vzc190b2tlbj1VMkZzZEdWa1gxOUZ6UyUyRlczakJaWWFVcyUyQnRrUE1QT1hEeU9VazBhRnFqNWhtM1oxZUl4aWswYnJSTUNOdXozbHZHS094RG81NkU2d21HVlBWME55N01OeFNXOVRDOXBSNjJ6MFdzc00xUG8lM0Q=\" \/><\/figure>\n<p class=\"wp-block-paragraph\">Al\u00e9m das amea\u00e7as comerciais, o Canad\u00e1 enfrenta outra forma de incerteza com o retorno agressivo da infla\u00e7\u00e3o. O crescimento dos pre\u00e7os de fevereiro acelerou de 1,9% em janeiro para uma taxa de 2,6% no comparativo anual \u2013 um recorde em oito meses, superando as expectativas. Isso foi parcialmente causado pelo fim de uma isen\u00e7\u00e3o fiscal que expirou no meio do m\u00eas (e, ironicamente, levou \u00e0 sa\u00edda de Trudeau ap\u00f3s a ren\u00fancia de sua ministra da Fazenda, que citou sua oposi\u00e7\u00e3o a essa pol\u00edtica).<\/p>\n<p class=\"wp-block-paragraph\">Em 24 de mar\u00e7o, o modelo de previs\u00e3o agora da CEIC, impulsionado por aprendizado de m\u00e1quina, projeta que a infla\u00e7\u00e3o deste m\u00eas se manter\u00e1 em cerca de 2%. No entanto, na semana que terminou em 24 de mar\u00e7o, nossa previs\u00e3o de infla\u00e7\u00e3o subiu de 2% para 2,4% em compara\u00e7\u00e3o com a semana anterior.<\/p>\n<p class=\"wp-block-paragraph\">As tend\u00eancias do PIB se mantiveram mais positivas; o crescimento econ\u00f4mico acelerou por tr\u00eas trimestres consecutivos at\u00e9 o quarto trimestre de 2024. O modelo de previs\u00e3o da CEIC projeta uma acelera\u00e7\u00e3o adicional no primeiro trimestre, com crescimento do PIB atingindo 2,5%.<\/p>\n<ul class=\"wp-block-list\"><li><strong>1. Blog CEIC: <\/strong><a href=\"https:\/\/www.ceicdata.com\/pt\/our-insights-data-bytes\"><strong>Latest Insights<\/strong><\/a><\/li><li><strong>2. Conhe\u00e7a um relat\u00f3rio CEIC Exemplo: <\/strong><a href=\"https:\/\/info.ceicdata.com\/brazil-exchange-rate-2025\"><strong>Cen\u00e1rio Cambial Brasil 2025: Perspectivas e Proje\u00e7\u00f5es para a Taxa de C\u00e2mbio<\/strong><\/a><\/li><li><strong>3. Cliente CEIC? Leia este Report <\/strong><a href=\"https:\/\/insights.ceicdata.com\/Carneys-Canada-goes-to-the-polls-amid-most-economic-uncertainty-ever----and-resurgent-inflation\"><strong>completo aqui<\/strong><\/a><strong>. \u00a0<\/strong><\/li><li><strong>4. Ainda n\u00e3o \u00e9 Cliente? Agende uma <\/strong><a href=\"https:\/\/info.ceicdata.com\/book-a-demo-brazil-pt\"><strong>Demonstra\u00e7\u00e3o Gratuita!!<\/strong><\/a><strong> \u00a0<\/strong><\/li><\/ul>\n<p class=\"wp-block-paragraph\"><strong>Fontes: CEIC Insights \u2013 Industry Report.<\/strong><\/p>\n","protected":false},"excerpt":{"rendered":"<p>As tarifas de Donald Trump representam o maior desafio econ\u00f4mico que o Canad\u00e1 enfrentou desde a d\u00e9cada de 1980, segundo um indicador que analisa o fluxo de not\u00edcias. Esse \u00e9 tamb\u00e9m o desafio predominante para o novo primeiro-ministro Mark Carney, que convocou uma elei\u00e7\u00e3o para o dia 28 de abril \u2013 menos de duas semanas ap\u00f3s assumir a lideran\u00e7a do Partido Liberal de Justin Trudeau. <\/p>\n","protected":false},"author":5,"featured_media":3087,"comment_status":"open","ping_status":"open","sticky":false,"template":"","format":"standard","meta":{"content-type":"","cpa_authors":[],"cpa_override_default":false,"footnotes":""},"categories":[899],"tags":[],"product":[14],"region":[956],"class_list":["post-3086","post","type-post","status-publish","format-standard","has-post-thumbnail","hentry","category-publications","product-ceic","region-brazil"],"yoast_head":"<!-- This site is optimized with the Yoast SEO Premium plugin  - https:\/\/yoast.com\/product\/yoast-seo-premium-wordpress\/ -->\n<title>Overview Setorial: A Incerteza Econ\u00f4mica no Canad\u00e1: Tarifas, Infla\u00e7\u00e3o e o Futuro Sob Mark Carney - ISI<\/title>\n<meta name=\"robots\" content=\"index, follow, max-snippet:-1, max-image-preview:large, max-video-preview:-1\" \/>\n<link rel=\"canonical\" href=\"https:\/\/isimarkets.com\/pt-br\/publications\/overview-setorial-a-incerteza-economica-no-canada-tarifas-inflacao-e-o-futuro-sob-mark-carney\/\" \/>\n<meta property=\"og:locale\" content=\"pt_BR\" \/>\n<meta property=\"og:type\" content=\"article\" \/>\n<meta property=\"og:title\" content=\"Overview Setorial: A Incerteza Econ\u00f4mica no Canad\u00e1: Tarifas, Infla\u00e7\u00e3o e o Futuro Sob Mark Carney\" \/>\n<meta property=\"og:description\" content=\"As tarifas de Donald Trump representam o maior desafio econ\u00f4mico que o Canad\u00e1 enfrentou desde a d\u00e9cada de 1980, segundo um indicador que analisa o fluxo de not\u00edcias. Esse \u00e9 tamb\u00e9m o desafio predominante para o novo primeiro-ministro Mark Carney, que convocou uma elei\u00e7\u00e3o para o dia 28 de abril \u2013 menos de duas semanas ap\u00f3s assumir a lideran\u00e7a do Partido Liberal de Justin Trudeau.\" \/>\n<meta property=\"og:url\" content=\"https:\/\/isimarkets.com\/pt-br\/publications\/overview-setorial-a-incerteza-economica-no-canada-tarifas-inflacao-e-o-futuro-sob-mark-carney\/\" \/>\n<meta property=\"og:site_name\" content=\"ISI\" \/>\n<meta property=\"article:published_time\" content=\"2025-04-01T20:30:23+00:00\" \/>\n<meta property=\"article:modified_time\" content=\"2026-03-07T21:05:24+00:00\" \/>\n<meta property=\"og:image\" content=\"https:\/\/isimarkets.com\/wp-content\/uploads\/WEBINAR20Social20media20post201024px20x20512px2028LinkedIn20Single20Image20Ad29-1.png\" \/>\n\t<meta property=\"og:image:width\" content=\"1200\" \/>\n\t<meta property=\"og:image:height\" content=\"627\" \/>\n\t<meta property=\"og:image:type\" content=\"image\/png\" \/>\n<meta name=\"twitter:card\" content=\"summary_large_image\" \/>\n<meta name=\"twitter:label1\" content=\"Escrito por\" \/>\n\t<meta name=\"twitter:data1\" content=\"CEIC\" \/>\n\t<meta name=\"twitter:label2\" content=\"Est. tempo de leitura\" \/>\n\t<meta name=\"twitter:data2\" content=\"3 minutos\" \/>\n<script type=\"application\/ld+json\" class=\"yoast-schema-graph\">{\"@context\":\"https:\\\/\\\/schema.org\",\"@graph\":[{\"@type\":\"Article\",\"@id\":\"https:\\\/\\\/isimarkets.com\\\/pt-br\\\/publications\\\/overview-setorial-a-incerteza-economica-no-canada-tarifas-inflacao-e-o-futuro-sob-mark-carney\\\/#article\",\"isPartOf\":{\"@id\":\"https:\\\/\\\/isimarkets.com\\\/pt-br\\\/publications\\\/overview-setorial-a-incerteza-economica-no-canada-tarifas-inflacao-e-o-futuro-sob-mark-carney\\\/\"},\"author\":{\"name\":\"CEIC\",\"@id\":\"https:\\\/\\\/isimarkets.com\\\/pt-br\\\/#\\\/schema\\\/person\\\/913dfa93820eb94b3849b4ff3fd6cd86\"},\"headline\":\"Overview Setorial: A Incerteza Econ\u00f4mica no Canad\u00e1: Tarifas, Infla\u00e7\u00e3o e o Futuro Sob Mark Carney\",\"datePublished\":\"2025-04-01T20:30:23+00:00\",\"dateModified\":\"2026-03-07T21:05:24+00:00\",\"mainEntityOfPage\":{\"@id\":\"https:\\\/\\\/isimarkets.com\\\/pt-br\\\/publications\\\/overview-setorial-a-incerteza-economica-no-canada-tarifas-inflacao-e-o-futuro-sob-mark-carney\\\/\"},\"wordCount\":663,\"commentCount\":0,\"publisher\":{\"@id\":\"https:\\\/\\\/isimarkets.com\\\/pt-br\\\/#organization\"},\"image\":{\"@id\":\"https:\\\/\\\/isimarkets.com\\\/pt-br\\\/publications\\\/overview-setorial-a-incerteza-economica-no-canada-tarifas-inflacao-e-o-futuro-sob-mark-carney\\\/#primaryimage\"},\"thumbnailUrl\":\"https:\\\/\\\/isimarkets.com\\\/wp-content\\\/uploads\\\/WEBINAR20Social20media20post201024px20x20512px2028LinkedIn20Single20Image20Ad29-1.png\",\"articleSection\":[\"Publications\"],\"inLanguage\":\"pt-BR\",\"potentialAction\":[{\"@type\":\"CommentAction\",\"name\":\"Comment\",\"target\":[\"https:\\\/\\\/isimarkets.com\\\/pt-br\\\/publications\\\/overview-setorial-a-incerteza-economica-no-canada-tarifas-inflacao-e-o-futuro-sob-mark-carney\\\/#respond\"]}]},{\"@type\":\"WebPage\",\"@id\":\"https:\\\/\\\/isimarkets.com\\\/pt-br\\\/publications\\\/overview-setorial-a-incerteza-economica-no-canada-tarifas-inflacao-e-o-futuro-sob-mark-carney\\\/\",\"url\":\"https:\\\/\\\/isimarkets.com\\\/pt-br\\\/publications\\\/overview-setorial-a-incerteza-economica-no-canada-tarifas-inflacao-e-o-futuro-sob-mark-carney\\\/\",\"name\":\"Overview Setorial: A Incerteza Econ\u00f4mica no Canad\u00e1: Tarifas, Infla\u00e7\u00e3o e o Futuro Sob Mark Carney - ISI\",\"isPartOf\":{\"@id\":\"https:\\\/\\\/isimarkets.com\\\/pt-br\\\/#website\"},\"primaryImageOfPage\":{\"@id\":\"https:\\\/\\\/isimarkets.com\\\/pt-br\\\/publications\\\/overview-setorial-a-incerteza-economica-no-canada-tarifas-inflacao-e-o-futuro-sob-mark-carney\\\/#primaryimage\"},\"image\":{\"@id\":\"https:\\\/\\\/isimarkets.com\\\/pt-br\\\/publications\\\/overview-setorial-a-incerteza-economica-no-canada-tarifas-inflacao-e-o-futuro-sob-mark-carney\\\/#primaryimage\"},\"thumbnailUrl\":\"https:\\\/\\\/isimarkets.com\\\/wp-content\\\/uploads\\\/WEBINAR20Social20media20post201024px20x20512px2028LinkedIn20Single20Image20Ad29-1.png\",\"datePublished\":\"2025-04-01T20:30:23+00:00\",\"dateModified\":\"2026-03-07T21:05:24+00:00\",\"breadcrumb\":{\"@id\":\"https:\\\/\\\/isimarkets.com\\\/pt-br\\\/publications\\\/overview-setorial-a-incerteza-economica-no-canada-tarifas-inflacao-e-o-futuro-sob-mark-carney\\\/#breadcrumb\"},\"inLanguage\":\"pt-BR\",\"potentialAction\":[{\"@type\":\"ReadAction\",\"target\":[\"https:\\\/\\\/isimarkets.com\\\/pt-br\\\/publications\\\/overview-setorial-a-incerteza-economica-no-canada-tarifas-inflacao-e-o-futuro-sob-mark-carney\\\/\"]}]},{\"@type\":\"ImageObject\",\"inLanguage\":\"pt-BR\",\"@id\":\"https:\\\/\\\/isimarkets.com\\\/pt-br\\\/publications\\\/overview-setorial-a-incerteza-economica-no-canada-tarifas-inflacao-e-o-futuro-sob-mark-carney\\\/#primaryimage\",\"url\":\"https:\\\/\\\/isimarkets.com\\\/wp-content\\\/uploads\\\/WEBINAR20Social20media20post201024px20x20512px2028LinkedIn20Single20Image20Ad29-1.png\",\"contentUrl\":\"https:\\\/\\\/isimarkets.com\\\/wp-content\\\/uploads\\\/WEBINAR20Social20media20post201024px20x20512px2028LinkedIn20Single20Image20Ad29-1.png\",\"width\":1200,\"height\":627},{\"@type\":\"BreadcrumbList\",\"@id\":\"https:\\\/\\\/isimarkets.com\\\/pt-br\\\/publications\\\/overview-setorial-a-incerteza-economica-no-canada-tarifas-inflacao-e-o-futuro-sob-mark-carney\\\/#breadcrumb\",\"itemListElement\":[{\"@type\":\"ListItem\",\"position\":1,\"name\":\"Home\",\"item\":\"https:\\\/\\\/isimarkets.com\\\/pt-br\\\/lar-pt-br\\\/\"},{\"@type\":\"ListItem\",\"position\":2,\"name\":\"Overview Setorial: A Incerteza Econ\u00f4mica no Canad\u00e1: Tarifas, Infla\u00e7\u00e3o e o Futuro Sob Mark Carney\"}]},{\"@type\":\"WebSite\",\"@id\":\"https:\\\/\\\/isimarkets.com\\\/pt-br\\\/#website\",\"url\":\"https:\\\/\\\/isimarkets.com\\\/pt-br\\\/\",\"name\":\"ISI\",\"description\":\"Global Market Intelligence Platform\",\"publisher\":{\"@id\":\"https:\\\/\\\/isimarkets.com\\\/pt-br\\\/#organization\"},\"potentialAction\":[{\"@type\":\"SearchAction\",\"target\":{\"@type\":\"EntryPoint\",\"urlTemplate\":\"https:\\\/\\\/isimarkets.com\\\/pt-br\\\/?s={search_term_string}\"},\"query-input\":{\"@type\":\"PropertyValueSpecification\",\"valueRequired\":true,\"valueName\":\"search_term_string\"}}],\"inLanguage\":\"pt-BR\"},{\"@type\":\"Organization\",\"@id\":\"https:\\\/\\\/isimarkets.com\\\/pt-br\\\/#organization\",\"name\":\"ISI\",\"url\":\"https:\\\/\\\/isimarkets.com\\\/pt-br\\\/\",\"logo\":{\"@type\":\"ImageObject\",\"inLanguage\":\"pt-BR\",\"@id\":\"https:\\\/\\\/isimarkets.com\\\/pt-br\\\/#\\\/schema\\\/logo\\\/image\\\/\",\"url\":\"https:\\\/\\\/isimarkets.com\\\/wp-content\\\/uploads\\\/2026\\\/03\\\/ISI-Favicon-Logo-512px.webp\",\"contentUrl\":\"https:\\\/\\\/isimarkets.com\\\/wp-content\\\/uploads\\\/2026\\\/03\\\/ISI-Favicon-Logo-512px.webp\",\"width\":512,\"height\":512,\"caption\":\"ISI\"},\"image\":{\"@id\":\"https:\\\/\\\/isimarkets.com\\\/pt-br\\\/#\\\/schema\\\/logo\\\/image\\\/\"},\"sameAs\":[\"https:\\\/\\\/www.linkedin.com\\\/company\\\/isi-markets\\\/?viewAsMember=true\"]},{\"@type\":\"Person\",\"@id\":\"https:\\\/\\\/isimarkets.com\\\/pt-br\\\/#\\\/schema\\\/person\\\/913dfa93820eb94b3849b4ff3fd6cd86\",\"name\":\"CEIC\",\"image\":{\"@type\":\"ImageObject\",\"inLanguage\":\"pt-BR\",\"@id\":\"https:\\\/\\\/secure.gravatar.com\\\/avatar\\\/efc8023cc28a18ee792ca76e93f21ff225770d569b19f98539fe010e6014112c?s=96&d=mm&r=g\",\"url\":\"https:\\\/\\\/secure.gravatar.com\\\/avatar\\\/efc8023cc28a18ee792ca76e93f21ff225770d569b19f98539fe010e6014112c?s=96&d=mm&r=g\",\"contentUrl\":\"https:\\\/\\\/secure.gravatar.com\\\/avatar\\\/efc8023cc28a18ee792ca76e93f21ff225770d569b19f98539fe010e6014112c?s=96&d=mm&r=g\",\"caption\":\"CEIC\"},\"sameAs\":[\"https:\\\/\\\/isimarkets.com\"],\"url\":\"https:\\\/\\\/isimarkets.com\\\/pt-br\\\/author\\\/ceic_user\\\/\"}]}<\/script>\n<!-- \/ Yoast SEO Premium plugin. -->","yoast_head_json":{"title":"Overview Setorial: A Incerteza Econ\u00f4mica no Canad\u00e1: Tarifas, Infla\u00e7\u00e3o e o Futuro Sob Mark Carney - ISI","robots":{"index":"index","follow":"follow","max-snippet":"max-snippet:-1","max-image-preview":"max-image-preview:large","max-video-preview":"max-video-preview:-1"},"canonical":"https:\/\/isimarkets.com\/pt-br\/publications\/overview-setorial-a-incerteza-economica-no-canada-tarifas-inflacao-e-o-futuro-sob-mark-carney\/","og_locale":"pt_BR","og_type":"article","og_title":"Overview Setorial: A Incerteza Econ\u00f4mica no Canad\u00e1: Tarifas, Infla\u00e7\u00e3o e o Futuro Sob Mark Carney","og_description":"As tarifas de Donald Trump representam o maior desafio econ\u00f4mico que o Canad\u00e1 enfrentou desde a d\u00e9cada de 1980, segundo um indicador que analisa o fluxo de not\u00edcias. Esse \u00e9 tamb\u00e9m o desafio predominante para o novo primeiro-ministro Mark Carney, que convocou uma elei\u00e7\u00e3o para o dia 28 de abril \u2013 menos de duas semanas ap\u00f3s assumir a lideran\u00e7a do Partido Liberal de Justin Trudeau.","og_url":"https:\/\/isimarkets.com\/pt-br\/publications\/overview-setorial-a-incerteza-economica-no-canada-tarifas-inflacao-e-o-futuro-sob-mark-carney\/","og_site_name":"ISI","article_published_time":"2025-04-01T20:30:23+00:00","article_modified_time":"2026-03-07T21:05:24+00:00","og_image":[{"width":1200,"height":627,"url":"https:\/\/isimarkets.com\/wp-content\/uploads\/WEBINAR20Social20media20post201024px20x20512px2028LinkedIn20Single20Image20Ad29-1.png","type":"image\/png"}],"twitter_card":"summary_large_image","twitter_misc":{"Escrito por":"CEIC","Est. tempo de leitura":"3 minutos"},"schema":{"@context":"https:\/\/schema.org","@graph":[{"@type":"Article","@id":"https:\/\/isimarkets.com\/pt-br\/publications\/overview-setorial-a-incerteza-economica-no-canada-tarifas-inflacao-e-o-futuro-sob-mark-carney\/#article","isPartOf":{"@id":"https:\/\/isimarkets.com\/pt-br\/publications\/overview-setorial-a-incerteza-economica-no-canada-tarifas-inflacao-e-o-futuro-sob-mark-carney\/"},"author":{"name":"CEIC","@id":"https:\/\/isimarkets.com\/pt-br\/#\/schema\/person\/913dfa93820eb94b3849b4ff3fd6cd86"},"headline":"Overview Setorial: A Incerteza Econ\u00f4mica no Canad\u00e1: Tarifas, Infla\u00e7\u00e3o e o Futuro Sob Mark Carney","datePublished":"2025-04-01T20:30:23+00:00","dateModified":"2026-03-07T21:05:24+00:00","mainEntityOfPage":{"@id":"https:\/\/isimarkets.com\/pt-br\/publications\/overview-setorial-a-incerteza-economica-no-canada-tarifas-inflacao-e-o-futuro-sob-mark-carney\/"},"wordCount":663,"commentCount":0,"publisher":{"@id":"https:\/\/isimarkets.com\/pt-br\/#organization"},"image":{"@id":"https:\/\/isimarkets.com\/pt-br\/publications\/overview-setorial-a-incerteza-economica-no-canada-tarifas-inflacao-e-o-futuro-sob-mark-carney\/#primaryimage"},"thumbnailUrl":"https:\/\/isimarkets.com\/wp-content\/uploads\/WEBINAR20Social20media20post201024px20x20512px2028LinkedIn20Single20Image20Ad29-1.png","articleSection":["Publications"],"inLanguage":"pt-BR","potentialAction":[{"@type":"CommentAction","name":"Comment","target":["https:\/\/isimarkets.com\/pt-br\/publications\/overview-setorial-a-incerteza-economica-no-canada-tarifas-inflacao-e-o-futuro-sob-mark-carney\/#respond"]}]},{"@type":"WebPage","@id":"https:\/\/isimarkets.com\/pt-br\/publications\/overview-setorial-a-incerteza-economica-no-canada-tarifas-inflacao-e-o-futuro-sob-mark-carney\/","url":"https:\/\/isimarkets.com\/pt-br\/publications\/overview-setorial-a-incerteza-economica-no-canada-tarifas-inflacao-e-o-futuro-sob-mark-carney\/","name":"Overview Setorial: A Incerteza Econ\u00f4mica no Canad\u00e1: Tarifas, Infla\u00e7\u00e3o e o Futuro Sob Mark Carney - ISI","isPartOf":{"@id":"https:\/\/isimarkets.com\/pt-br\/#website"},"primaryImageOfPage":{"@id":"https:\/\/isimarkets.com\/pt-br\/publications\/overview-setorial-a-incerteza-economica-no-canada-tarifas-inflacao-e-o-futuro-sob-mark-carney\/#primaryimage"},"image":{"@id":"https:\/\/isimarkets.com\/pt-br\/publications\/overview-setorial-a-incerteza-economica-no-canada-tarifas-inflacao-e-o-futuro-sob-mark-carney\/#primaryimage"},"thumbnailUrl":"https:\/\/isimarkets.com\/wp-content\/uploads\/WEBINAR20Social20media20post201024px20x20512px2028LinkedIn20Single20Image20Ad29-1.png","datePublished":"2025-04-01T20:30:23+00:00","dateModified":"2026-03-07T21:05:24+00:00","breadcrumb":{"@id":"https:\/\/isimarkets.com\/pt-br\/publications\/overview-setorial-a-incerteza-economica-no-canada-tarifas-inflacao-e-o-futuro-sob-mark-carney\/#breadcrumb"},"inLanguage":"pt-BR","potentialAction":[{"@type":"ReadAction","target":["https:\/\/isimarkets.com\/pt-br\/publications\/overview-setorial-a-incerteza-economica-no-canada-tarifas-inflacao-e-o-futuro-sob-mark-carney\/"]}]},{"@type":"ImageObject","inLanguage":"pt-BR","@id":"https:\/\/isimarkets.com\/pt-br\/publications\/overview-setorial-a-incerteza-economica-no-canada-tarifas-inflacao-e-o-futuro-sob-mark-carney\/#primaryimage","url":"https:\/\/isimarkets.com\/wp-content\/uploads\/WEBINAR20Social20media20post201024px20x20512px2028LinkedIn20Single20Image20Ad29-1.png","contentUrl":"https:\/\/isimarkets.com\/wp-content\/uploads\/WEBINAR20Social20media20post201024px20x20512px2028LinkedIn20Single20Image20Ad29-1.png","width":1200,"height":627},{"@type":"BreadcrumbList","@id":"https:\/\/isimarkets.com\/pt-br\/publications\/overview-setorial-a-incerteza-economica-no-canada-tarifas-inflacao-e-o-futuro-sob-mark-carney\/#breadcrumb","itemListElement":[{"@type":"ListItem","position":1,"name":"Home","item":"https:\/\/isimarkets.com\/pt-br\/lar-pt-br\/"},{"@type":"ListItem","position":2,"name":"Overview Setorial: A Incerteza Econ\u00f4mica no Canad\u00e1: Tarifas, Infla\u00e7\u00e3o e o Futuro Sob Mark Carney"}]},{"@type":"WebSite","@id":"https:\/\/isimarkets.com\/pt-br\/#website","url":"https:\/\/isimarkets.com\/pt-br\/","name":"ISI","description":"Global Market Intelligence Platform","publisher":{"@id":"https:\/\/isimarkets.com\/pt-br\/#organization"},"potentialAction":[{"@type":"SearchAction","target":{"@type":"EntryPoint","urlTemplate":"https:\/\/isimarkets.com\/pt-br\/?s={search_term_string}"},"query-input":{"@type":"PropertyValueSpecification","valueRequired":true,"valueName":"search_term_string"}}],"inLanguage":"pt-BR"},{"@type":"Organization","@id":"https:\/\/isimarkets.com\/pt-br\/#organization","name":"ISI","url":"https:\/\/isimarkets.com\/pt-br\/","logo":{"@type":"ImageObject","inLanguage":"pt-BR","@id":"https:\/\/isimarkets.com\/pt-br\/#\/schema\/logo\/image\/","url":"https:\/\/isimarkets.com\/wp-content\/uploads\/2026\/03\/ISI-Favicon-Logo-512px.webp","contentUrl":"https:\/\/isimarkets.com\/wp-content\/uploads\/2026\/03\/ISI-Favicon-Logo-512px.webp","width":512,"height":512,"caption":"ISI"},"image":{"@id":"https:\/\/isimarkets.com\/pt-br\/#\/schema\/logo\/image\/"},"sameAs":["https:\/\/www.linkedin.com\/company\/isi-markets\/?viewAsMember=true"]},{"@type":"Person","@id":"https:\/\/isimarkets.com\/pt-br\/#\/schema\/person\/913dfa93820eb94b3849b4ff3fd6cd86","name":"CEIC","image":{"@type":"ImageObject","inLanguage":"pt-BR","@id":"https:\/\/secure.gravatar.com\/avatar\/efc8023cc28a18ee792ca76e93f21ff225770d569b19f98539fe010e6014112c?s=96&d=mm&r=g","url":"https:\/\/secure.gravatar.com\/avatar\/efc8023cc28a18ee792ca76e93f21ff225770d569b19f98539fe010e6014112c?s=96&d=mm&r=g","contentUrl":"https:\/\/secure.gravatar.com\/avatar\/efc8023cc28a18ee792ca76e93f21ff225770d569b19f98539fe010e6014112c?s=96&d=mm&r=g","caption":"CEIC"},"sameAs":["https:\/\/isimarkets.com"],"url":"https:\/\/isimarkets.com\/pt-br\/author\/ceic_user\/"}]}},"_links":{"self":[{"href":"https:\/\/isimarkets.com\/pt-br\/wp-json\/wp\/v2\/posts\/3086","targetHints":{"allow":["GET"]}}],"collection":[{"href":"https:\/\/isimarkets.com\/pt-br\/wp-json\/wp\/v2\/posts"}],"about":[{"href":"https:\/\/isimarkets.com\/pt-br\/wp-json\/wp\/v2\/types\/post"}],"author":[{"embeddable":true,"href":"https:\/\/isimarkets.com\/pt-br\/wp-json\/wp\/v2\/users\/5"}],"replies":[{"embeddable":true,"href":"https:\/\/isimarkets.com\/pt-br\/wp-json\/wp\/v2\/comments?post=3086"}],"version-history":[{"count":1,"href":"https:\/\/isimarkets.com\/pt-br\/wp-json\/wp\/v2\/posts\/3086\/revisions"}],"predecessor-version":[{"id":3090,"href":"https:\/\/isimarkets.com\/pt-br\/wp-json\/wp\/v2\/posts\/3086\/revisions\/3090"}],"wp:featuredmedia":[{"embeddable":true,"href":"https:\/\/isimarkets.com\/pt-br\/wp-json\/wp\/v2\/media\/3087"}],"wp:attachment":[{"href":"https:\/\/isimarkets.com\/pt-br\/wp-json\/wp\/v2\/media?parent=3086"}],"wp:term":[{"taxonomy":"category","embeddable":true,"href":"https:\/\/isimarkets.com\/pt-br\/wp-json\/wp\/v2\/categories?post=3086"},{"taxonomy":"post_tag","embeddable":true,"href":"https:\/\/isimarkets.com\/pt-br\/wp-json\/wp\/v2\/tags?post=3086"},{"taxonomy":"product","embeddable":true,"href":"https:\/\/isimarkets.com\/pt-br\/wp-json\/wp\/v2\/product?post=3086"},{"taxonomy":"region","embeddable":true,"href":"https:\/\/isimarkets.com\/pt-br\/wp-json\/wp\/v2\/region?post=3086"}],"curies":[{"name":"wp","href":"https:\/\/api.w.org\/{rel}","templated":true}]}}