{"id":3234,"date":"2025-05-16T20:18:58","date_gmt":"2025-05-16T19:18:58","guid":{"rendered":"https:\/\/isimarkets.com\/insights\/oil-vs-global-business-cycles-decifrando-os-ritmos-da-economia\/"},"modified":"2026-03-07T21:22:16","modified_gmt":"2026-03-07T21:22:16","slug":"oil-vs-global-business-cycles-decifrando-os-ritmos-da-economia","status":"publish","type":"post","link":"https:\/\/isimarkets.com\/pt-br\/publications\/oil-vs-global-business-cycles-decifrando-os-ritmos-da-economia\/","title":{"rendered":"Oil vs. Global Business Cycles &#8211; Decifrando os Ritmos da Economia"},"content":{"rendered":"<h2 class=\"wp-block-heading\">????\ufe0f Oil vs. Global Business Cycles: Decifrando os Ritmos da Economia<\/h2>\n<h4 class=\"wp-block-heading\"><strong data-start=\"322\" data-end=\"352\">???? Highlights do conte\u00fado:<\/strong><\/h4>\n<ul class=\"wp-block-list\"><li data-start=\"354\" data-end=\"463\"><p data-start=\"356\" data-end=\"463\">Correla\u00e7\u00e3o hist\u00f3rica entre os pre\u00e7os do petr\u00f3leo Brent e a infla\u00e7\u00e3o ao produtor (PPI) em economias-chave.<\/p><\/li><li data-start=\"464\" data-end=\"592\"><p data-start=\"466\" data-end=\"592\">Per\u00edodos de sincroniza\u00e7\u00e3o global (2004\u20132008 e 2019\u20132021) revelam os efeitos amplificados do petr\u00f3leo nas cadeias produtivas.<\/p><\/li><li data-start=\"593\" data-end=\"703\"><p data-start=\"595\" data-end=\"703\">A partir de 2024, essa correla\u00e7\u00e3o enfraqueceu \u2014 mesmo com a queda do petr\u00f3leo, os PPIs seguem resistentes.<\/p><\/li><li data-start=\"704\" data-end=\"803\"><p data-start=\"706\" data-end=\"803\">A desglobaliza\u00e7\u00e3o e os estoques industriais ganham destaque na leitura do novo ciclo econ\u00f4mico.<\/p><\/li><li data-start=\"804\" data-end=\"938\"><p data-start=\"806\" data-end=\"938\">Fatores monet\u00e1rios, como os ciclos do Fed e a base monet\u00e1ria global, tamb\u00e9m revelam intera\u00e7\u00f5es relevantes com os pre\u00e7os do petr\u00f3leo.<\/p><\/li><\/ul>\n<h3 class=\"wp-block-heading\">???? Petr\u00f3leo, Infla\u00e7\u00e3o e os Ciclos Globais<\/h3>\n<p class=\"wp-block-paragraph\">Com os pre\u00e7os do petr\u00f3leo se aproximando das m\u00ednimas do per\u00edodo p\u00f3s-pandemia, exploramos como o valor do barril influencia os ciclos de neg\u00f3cios globais \u2014 e o que mudou nos \u00faltimos anos.<\/p>\n<figure class=\"wp-block-image\"><img decoding=\"async\" src=\"https:\/\/isimarkets.com\/wp-content\/uploads\/clipboard_image_data-43.png\" alt=\"aHR0cHM6Ly9pbnNpZ2h0cy5jZWljZGF0YS5jb20vYXBpL3YxL3Zpc3VhbC9lNjQwM2UwNC00YjlhLTRhNGItYjgzMi04ZTlkODgyZDVhNjIucG5nP2NvcHlfaWQ9ZWQ2NmJkYTYtODI1Ny00OTlkLWI3MDQtMzk4ZGM2NmI4YTFmJmZhbGxiYWNrPSUyRmltYWdlJmFjY2Vzc190b2tlbj1VMkZzZEdWa1gxOHBxUzBIb2V5T0xkVCUyRjVBMDJKRklLSVYlMkZ6aVV2dkNXWEJmNk9pZ01uT2NVTyUyRkVCNjg1MnZwYnZkN0p1ZWpVNnlMbkpsUUFIWmpVeTV6ZVhWWEhFUG1UZEJlbWY5YlZtNCUzRA==\" \/><\/figure>\n<p class=\"wp-block-paragraph\">Como mostra o <strong data-start=\"1194\" data-end=\"1214\">primeiro gr\u00e1fico<\/strong>, h\u00e1 uma forte correla\u00e7\u00e3o entre o petr\u00f3leo Brent e o \u00edndice de pre\u00e7os ao produtor (PPI) de economias como China, Jap\u00e3o, Coreia do Sul, EUA, Reino Unido e Uni\u00e3o Europeia. Esses v\u00ednculos foram notadamente intensos durante o boom do petr\u00f3leo nos anos 2000, com Brent chegando a quase USD 150, e se mantiveram durante a crise financeira global. A sincroniza\u00e7\u00e3o entre os PPIs refletia a alta interconectividade das cadeias globais na era da globaliza\u00e7\u00e3o em alta velocidade.<\/p>\n<p class=\"wp-block-paragraph\">Essa converg\u00eancia voltou a se manifestar durante os anos pand\u00eamicos (2019\u20132021), quando choques de oferta e est\u00edmulos sincronizados impactaram simultaneamente diversos mercados.<\/p>\n<p class=\"wp-block-paragraph\">No entanto, <strong data-start=\"1893\" data-end=\"1907\">desde 2024<\/strong>, o padr\u00e3o mudou. A queda do petr\u00f3leo n\u00e3o tem se traduzido em al\u00edvio nos pre\u00e7os pagos pelos produtores \u2014 um fen\u00f4meno que sugere ruptura nos canais cl\u00e1ssicos de transmiss\u00e3o, talvez intensificada pelo processo de desglobaliza\u00e7\u00e3o.<\/p>\n<h3 class=\"wp-block-heading\">???? Para Al\u00e9m do PPI: Estoques, Fed e Liquidez Global<\/h3>\n<p class=\"wp-block-paragraph\">O <strong data-start=\"2201\" data-end=\"2220\">segundo gr\u00e1fico<\/strong> revela como outras vari\u00e1veis v\u00eam se conectando ao comportamento do petr\u00f3leo. O estoque da ind\u00fastria manufatureira nos EUA, por exemplo, mostra ac\u00famulo \u2014 um sinal t\u00edpico de demanda enfraquecida.<\/p>\n<figure class=\"wp-block-image\"><img decoding=\"async\" src=\"https:\/\/isimarkets.com\/wp-content\/uploads\/clipboard_image_data-44.png\" alt=\"aHR0cHM6Ly9pbnNpZ2h0cy5jZWljZGF0YS5jb20vYXBpL3YxL3Zpc3VhbC80OWMxZmE1Yi0zMmE3LTRjZTgtOTRlOS0wMDNmNmRjMmNjYzgucG5nP2NvcHlfaWQ9ODZjZjA2ZDAtMzdlYi00ZmNmLTk0MDgtMWFkZmU0ZGM4OTFkJmZhbGxiYWNrPSUyRmltYWdlJmFjY2Vzc190b2tlbj1VMkZzZEdWa1gxODFQSURhJTJCanI1U3hiQmpwJTJCTUYzQ1dQUkpaNWg2cElQS0ZCbGlGWndxMFM5b0V6UVNaZTNRODRGRExSMG1LUzFudDZtdDZyUFNpRVRjbkp2a2RUQ0NJVWU3b0VleExtaVklM0Q=\" \/><\/figure>\n<p class=\"wp-block-paragraph\">Os ciclos de aperto e afrouxamento monet\u00e1rio do Federal Reserve tamb\u00e9m t\u00eam influenciado a trajet\u00f3ria do petr\u00f3leo, ainda que de forma menos previs\u00edvel neste novo ciclo. A base monet\u00e1ria global, por sua vez, aponta para uma liquidez mais contida, o que pode limitar a recupera\u00e7\u00e3o dos pre\u00e7os do barril.<\/p>\n<h3 class=\"wp-block-heading\">???? Quer ver mais?<\/h3>\n<p class=\"wp-block-paragraph\">???? Assista \u00e0 nossa <strong data-start=\"2782\" data-end=\"2802\">an\u00e1lise em v\u00eddeo<\/strong> sobre os fluxos de fundos globais e os impactos do &#8220;Liberation Day&#8221; de Donald Trump no cen\u00e1rio de investimentos.<\/p>\n<h3 class=\"wp-block-heading\">???? Continue explorando:<\/h3>\n<p class=\"wp-block-paragraph\">???? Explore mais da CEIC<br>???? Blog CEIC \u2013 \u00daltimas An\u00e1lises: <a href=\"https:\/\/www.ceicdata.com\/pt\/our-insights-data-bytes\">Veja os relat\u00f3rios mais recentes!<\/a><br>???? Conhe\u00e7a um relat\u00f3rio CEIC: <a href=\"https:\/\/info.ceicdata.com\/pacote-de-graficos-sobre-nordeste-brasil\">Pacote de gr\u00e1ficos sobre a Regi\u00e3o Nordeste Brasileira \u2013 Descubra as tend\u00eancias econ\u00f4micas!<\/a><br>????\ufe0f Assista agora: <a href=\"https:\/\/info.ceicdata.com\/flows-and-trends-liberation-day-and-after\">V\u00eddeo sobre Fund Flows and Trends \u2013 \u201cLiberation Day\u201d and After<\/a><\/p>\n<p class=\"wp-block-paragraph\">???? Cliente CEIC? <a href=\"https:\/\/insights.ceicdata.com\/Oil-vs-global-business-cycles-deciphering-the-rhythms\">Leia a an\u00e1lise completa direto na plataforma.<\/a><br>???? Ainda n\u00e3o \u00e9 cliente? <a href=\"https:\/\/info.ceicdata.com\/book-a-demo-brazil-pt\"><strong data-start=\"3345\" data-end=\"3381\">Agende uma Demonstra\u00e7\u00e3o Gratuita<\/strong><\/a> agora!<\/p>\n","protected":false},"excerpt":{"rendered":"<p>Com os pre\u00e7os do petr\u00f3leo se aproximando das m\u00ednimas do per\u00edodo p\u00f3s-pandemia, exploramos como o valor do barril influencia os ciclos de neg\u00f3cios globais \u2014 e o que mudou nos \u00faltimos anos.<\/p>\n","protected":false},"author":5,"featured_media":3235,"comment_status":"open","ping_status":"open","sticky":false,"template":"","format":"standard","meta":{"content-type":"","cpa_authors":[],"cpa_override_default":false,"footnotes":""},"categories":[899],"tags":[],"product":[1050],"region":[956],"class_list":["post-3234","post","type-post","status-publish","format-standard","has-post-thumbnail","hentry","category-publications","product-ceic","region-brazil"],"yoast_head":"<!-- This site is optimized with the Yoast SEO Premium plugin  - https:\/\/yoast.com\/product\/yoast-seo-premium-wordpress\/ -->\n<title>Oil vs. Global Business Cycles - Decifrando os Ritmos da Economia - ISI<\/title>\n<meta name=\"robots\" content=\"index, follow, max-snippet:-1, max-image-preview:large, max-video-preview:-1\" \/>\n<link rel=\"canonical\" href=\"https:\/\/isimarkets.com\/pt-br\/publications\/oil-vs-global-business-cycles-decifrando-os-ritmos-da-economia\/\" \/>\n<meta property=\"og:locale\" content=\"pt_BR\" \/>\n<meta property=\"og:type\" content=\"article\" \/>\n<meta property=\"og:title\" content=\"Oil vs. Global Business Cycles - Decifrando os Ritmos da Economia\" \/>\n<meta property=\"og:description\" content=\"Com os pre\u00e7os do petr\u00f3leo se aproximando das m\u00ednimas do per\u00edodo p\u00f3s-pandemia, exploramos como o valor do barril influencia os ciclos de neg\u00f3cios globais \u2014 e o que mudou nos \u00faltimos anos.\" \/>\n<meta property=\"og:url\" content=\"https:\/\/isimarkets.com\/pt-br\/publications\/oil-vs-global-business-cycles-decifrando-os-ritmos-da-economia\/\" \/>\n<meta property=\"og:site_name\" content=\"ISI\" \/>\n<meta property=\"article:published_time\" content=\"2025-05-16T19:18:58+00:00\" \/>\n<meta property=\"article:modified_time\" content=\"2026-03-07T21:22:16+00:00\" \/>\n<meta property=\"og:image\" content=\"https:\/\/isimarkets.com\/wp-content\/uploads\/BLOGSOCIAL2028version202292028729.png\" \/>\n\t<meta property=\"og:image:width\" content=\"1200\" \/>\n\t<meta property=\"og:image:height\" content=\"627\" \/>\n\t<meta property=\"og:image:type\" content=\"image\/png\" \/>\n<meta name=\"twitter:card\" content=\"summary_large_image\" \/>\n<meta name=\"twitter:label1\" content=\"Escrito por\" \/>\n\t<meta name=\"twitter:data1\" content=\"CEIC\" \/>\n\t<meta name=\"twitter:label2\" content=\"Est. tempo de leitura\" \/>\n\t<meta name=\"twitter:data2\" content=\"3 minutos\" \/>\n<script type=\"application\/ld+json\" class=\"yoast-schema-graph\">{\"@context\":\"https:\\\/\\\/schema.org\",\"@graph\":[{\"@type\":\"Article\",\"@id\":\"https:\\\/\\\/isimarkets.com\\\/pt-br\\\/publications\\\/oil-vs-global-business-cycles-decifrando-os-ritmos-da-economia\\\/#article\",\"isPartOf\":{\"@id\":\"https:\\\/\\\/isimarkets.com\\\/pt-br\\\/publications\\\/oil-vs-global-business-cycles-decifrando-os-ritmos-da-economia\\\/\"},\"author\":{\"name\":\"CEIC\",\"@id\":\"https:\\\/\\\/isimarkets.com\\\/pt-br\\\/#\\\/schema\\\/person\\\/913dfa93820eb94b3849b4ff3fd6cd86\"},\"headline\":\"Oil vs. Global Business Cycles &#8211; Decifrando os Ritmos da Economia\",\"datePublished\":\"2025-05-16T19:18:58+00:00\",\"dateModified\":\"2026-03-07T21:22:16+00:00\",\"mainEntityOfPage\":{\"@id\":\"https:\\\/\\\/isimarkets.com\\\/pt-br\\\/publications\\\/oil-vs-global-business-cycles-decifrando-os-ritmos-da-economia\\\/\"},\"wordCount\":537,\"commentCount\":0,\"publisher\":{\"@id\":\"https:\\\/\\\/isimarkets.com\\\/pt-br\\\/#organization\"},\"image\":{\"@id\":\"https:\\\/\\\/isimarkets.com\\\/pt-br\\\/publications\\\/oil-vs-global-business-cycles-decifrando-os-ritmos-da-economia\\\/#primaryimage\"},\"thumbnailUrl\":\"https:\\\/\\\/isimarkets.com\\\/wp-content\\\/uploads\\\/BLOGSOCIAL2028version202292028729.png\",\"articleSection\":[\"Publications\"],\"inLanguage\":\"pt-BR\",\"potentialAction\":[{\"@type\":\"CommentAction\",\"name\":\"Comment\",\"target\":[\"https:\\\/\\\/isimarkets.com\\\/pt-br\\\/publications\\\/oil-vs-global-business-cycles-decifrando-os-ritmos-da-economia\\\/#respond\"]}]},{\"@type\":\"WebPage\",\"@id\":\"https:\\\/\\\/isimarkets.com\\\/pt-br\\\/publications\\\/oil-vs-global-business-cycles-decifrando-os-ritmos-da-economia\\\/\",\"url\":\"https:\\\/\\\/isimarkets.com\\\/pt-br\\\/publications\\\/oil-vs-global-business-cycles-decifrando-os-ritmos-da-economia\\\/\",\"name\":\"Oil vs. Global Business Cycles - Decifrando os Ritmos da Economia - ISI\",\"isPartOf\":{\"@id\":\"https:\\\/\\\/isimarkets.com\\\/pt-br\\\/#website\"},\"primaryImageOfPage\":{\"@id\":\"https:\\\/\\\/isimarkets.com\\\/pt-br\\\/publications\\\/oil-vs-global-business-cycles-decifrando-os-ritmos-da-economia\\\/#primaryimage\"},\"image\":{\"@id\":\"https:\\\/\\\/isimarkets.com\\\/pt-br\\\/publications\\\/oil-vs-global-business-cycles-decifrando-os-ritmos-da-economia\\\/#primaryimage\"},\"thumbnailUrl\":\"https:\\\/\\\/isimarkets.com\\\/wp-content\\\/uploads\\\/BLOGSOCIAL2028version202292028729.png\",\"datePublished\":\"2025-05-16T19:18:58+00:00\",\"dateModified\":\"2026-03-07T21:22:16+00:00\",\"breadcrumb\":{\"@id\":\"https:\\\/\\\/isimarkets.com\\\/pt-br\\\/publications\\\/oil-vs-global-business-cycles-decifrando-os-ritmos-da-economia\\\/#breadcrumb\"},\"inLanguage\":\"pt-BR\",\"potentialAction\":[{\"@type\":\"ReadAction\",\"target\":[\"https:\\\/\\\/isimarkets.com\\\/pt-br\\\/publications\\\/oil-vs-global-business-cycles-decifrando-os-ritmos-da-economia\\\/\"]}]},{\"@type\":\"ImageObject\",\"inLanguage\":\"pt-BR\",\"@id\":\"https:\\\/\\\/isimarkets.com\\\/pt-br\\\/publications\\\/oil-vs-global-business-cycles-decifrando-os-ritmos-da-economia\\\/#primaryimage\",\"url\":\"https:\\\/\\\/isimarkets.com\\\/wp-content\\\/uploads\\\/BLOGSOCIAL2028version202292028729.png\",\"contentUrl\":\"https:\\\/\\\/isimarkets.com\\\/wp-content\\\/uploads\\\/BLOGSOCIAL2028version202292028729.png\",\"width\":1200,\"height\":627},{\"@type\":\"BreadcrumbList\",\"@id\":\"https:\\\/\\\/isimarkets.com\\\/pt-br\\\/publications\\\/oil-vs-global-business-cycles-decifrando-os-ritmos-da-economia\\\/#breadcrumb\",\"itemListElement\":[{\"@type\":\"ListItem\",\"position\":1,\"name\":\"Home\",\"item\":\"https:\\\/\\\/isimarkets.com\\\/pt-br\\\/lar-pt-br\\\/\"},{\"@type\":\"ListItem\",\"position\":2,\"name\":\"Oil vs. Global Business Cycles &#8211; Decifrando os Ritmos da Economia\"}]},{\"@type\":\"WebSite\",\"@id\":\"https:\\\/\\\/isimarkets.com\\\/pt-br\\\/#website\",\"url\":\"https:\\\/\\\/isimarkets.com\\\/pt-br\\\/\",\"name\":\"ISI\",\"description\":\"Global Market Intelligence Platform\",\"publisher\":{\"@id\":\"https:\\\/\\\/isimarkets.com\\\/pt-br\\\/#organization\"},\"potentialAction\":[{\"@type\":\"SearchAction\",\"target\":{\"@type\":\"EntryPoint\",\"urlTemplate\":\"https:\\\/\\\/isimarkets.com\\\/pt-br\\\/?s={search_term_string}\"},\"query-input\":{\"@type\":\"PropertyValueSpecification\",\"valueRequired\":true,\"valueName\":\"search_term_string\"}}],\"inLanguage\":\"pt-BR\"},{\"@type\":\"Organization\",\"@id\":\"https:\\\/\\\/isimarkets.com\\\/pt-br\\\/#organization\",\"name\":\"ISI\",\"url\":\"https:\\\/\\\/isimarkets.com\\\/pt-br\\\/\",\"logo\":{\"@type\":\"ImageObject\",\"inLanguage\":\"pt-BR\",\"@id\":\"https:\\\/\\\/isimarkets.com\\\/pt-br\\\/#\\\/schema\\\/logo\\\/image\\\/\",\"url\":\"https:\\\/\\\/isimarkets.com\\\/wp-content\\\/uploads\\\/2026\\\/03\\\/ISI-Favicon-Logo-512px.webp\",\"contentUrl\":\"https:\\\/\\\/isimarkets.com\\\/wp-content\\\/uploads\\\/2026\\\/03\\\/ISI-Favicon-Logo-512px.webp\",\"width\":512,\"height\":512,\"caption\":\"ISI\"},\"image\":{\"@id\":\"https:\\\/\\\/isimarkets.com\\\/pt-br\\\/#\\\/schema\\\/logo\\\/image\\\/\"},\"sameAs\":[\"https:\\\/\\\/www.linkedin.com\\\/company\\\/isi-markets\\\/?viewAsMember=true\"]},{\"@type\":\"Person\",\"@id\":\"https:\\\/\\\/isimarkets.com\\\/pt-br\\\/#\\\/schema\\\/person\\\/913dfa93820eb94b3849b4ff3fd6cd86\",\"name\":\"CEIC\",\"image\":{\"@type\":\"ImageObject\",\"inLanguage\":\"pt-BR\",\"@id\":\"https:\\\/\\\/secure.gravatar.com\\\/avatar\\\/efc8023cc28a18ee792ca76e93f21ff225770d569b19f98539fe010e6014112c?s=96&d=mm&r=g\",\"url\":\"https:\\\/\\\/secure.gravatar.com\\\/avatar\\\/efc8023cc28a18ee792ca76e93f21ff225770d569b19f98539fe010e6014112c?s=96&d=mm&r=g\",\"contentUrl\":\"https:\\\/\\\/secure.gravatar.com\\\/avatar\\\/efc8023cc28a18ee792ca76e93f21ff225770d569b19f98539fe010e6014112c?s=96&d=mm&r=g\",\"caption\":\"CEIC\"},\"sameAs\":[\"https:\\\/\\\/isimarkets.com\"],\"url\":\"https:\\\/\\\/isimarkets.com\\\/pt-br\\\/author\\\/ceic_user\\\/\"}]}<\/script>\n<!-- \/ Yoast SEO Premium plugin. -->","yoast_head_json":{"title":"Oil vs. Global Business Cycles - Decifrando os Ritmos da Economia - ISI","robots":{"index":"index","follow":"follow","max-snippet":"max-snippet:-1","max-image-preview":"max-image-preview:large","max-video-preview":"max-video-preview:-1"},"canonical":"https:\/\/isimarkets.com\/pt-br\/publications\/oil-vs-global-business-cycles-decifrando-os-ritmos-da-economia\/","og_locale":"pt_BR","og_type":"article","og_title":"Oil vs. Global Business Cycles - Decifrando os Ritmos da Economia","og_description":"Com os pre\u00e7os do petr\u00f3leo se aproximando das m\u00ednimas do per\u00edodo p\u00f3s-pandemia, exploramos como o valor do barril influencia os ciclos de neg\u00f3cios globais \u2014 e o que mudou nos \u00faltimos anos.","og_url":"https:\/\/isimarkets.com\/pt-br\/publications\/oil-vs-global-business-cycles-decifrando-os-ritmos-da-economia\/","og_site_name":"ISI","article_published_time":"2025-05-16T19:18:58+00:00","article_modified_time":"2026-03-07T21:22:16+00:00","og_image":[{"width":1200,"height":627,"url":"https:\/\/isimarkets.com\/wp-content\/uploads\/BLOGSOCIAL2028version202292028729.png","type":"image\/png"}],"twitter_card":"summary_large_image","twitter_misc":{"Escrito por":"CEIC","Est. tempo de leitura":"3 minutos"},"schema":{"@context":"https:\/\/schema.org","@graph":[{"@type":"Article","@id":"https:\/\/isimarkets.com\/pt-br\/publications\/oil-vs-global-business-cycles-decifrando-os-ritmos-da-economia\/#article","isPartOf":{"@id":"https:\/\/isimarkets.com\/pt-br\/publications\/oil-vs-global-business-cycles-decifrando-os-ritmos-da-economia\/"},"author":{"name":"CEIC","@id":"https:\/\/isimarkets.com\/pt-br\/#\/schema\/person\/913dfa93820eb94b3849b4ff3fd6cd86"},"headline":"Oil vs. Global Business Cycles &#8211; Decifrando os Ritmos da Economia","datePublished":"2025-05-16T19:18:58+00:00","dateModified":"2026-03-07T21:22:16+00:00","mainEntityOfPage":{"@id":"https:\/\/isimarkets.com\/pt-br\/publications\/oil-vs-global-business-cycles-decifrando-os-ritmos-da-economia\/"},"wordCount":537,"commentCount":0,"publisher":{"@id":"https:\/\/isimarkets.com\/pt-br\/#organization"},"image":{"@id":"https:\/\/isimarkets.com\/pt-br\/publications\/oil-vs-global-business-cycles-decifrando-os-ritmos-da-economia\/#primaryimage"},"thumbnailUrl":"https:\/\/isimarkets.com\/wp-content\/uploads\/BLOGSOCIAL2028version202292028729.png","articleSection":["Publications"],"inLanguage":"pt-BR","potentialAction":[{"@type":"CommentAction","name":"Comment","target":["https:\/\/isimarkets.com\/pt-br\/publications\/oil-vs-global-business-cycles-decifrando-os-ritmos-da-economia\/#respond"]}]},{"@type":"WebPage","@id":"https:\/\/isimarkets.com\/pt-br\/publications\/oil-vs-global-business-cycles-decifrando-os-ritmos-da-economia\/","url":"https:\/\/isimarkets.com\/pt-br\/publications\/oil-vs-global-business-cycles-decifrando-os-ritmos-da-economia\/","name":"Oil vs. Global Business Cycles - Decifrando os Ritmos da Economia - ISI","isPartOf":{"@id":"https:\/\/isimarkets.com\/pt-br\/#website"},"primaryImageOfPage":{"@id":"https:\/\/isimarkets.com\/pt-br\/publications\/oil-vs-global-business-cycles-decifrando-os-ritmos-da-economia\/#primaryimage"},"image":{"@id":"https:\/\/isimarkets.com\/pt-br\/publications\/oil-vs-global-business-cycles-decifrando-os-ritmos-da-economia\/#primaryimage"},"thumbnailUrl":"https:\/\/isimarkets.com\/wp-content\/uploads\/BLOGSOCIAL2028version202292028729.png","datePublished":"2025-05-16T19:18:58+00:00","dateModified":"2026-03-07T21:22:16+00:00","breadcrumb":{"@id":"https:\/\/isimarkets.com\/pt-br\/publications\/oil-vs-global-business-cycles-decifrando-os-ritmos-da-economia\/#breadcrumb"},"inLanguage":"pt-BR","potentialAction":[{"@type":"ReadAction","target":["https:\/\/isimarkets.com\/pt-br\/publications\/oil-vs-global-business-cycles-decifrando-os-ritmos-da-economia\/"]}]},{"@type":"ImageObject","inLanguage":"pt-BR","@id":"https:\/\/isimarkets.com\/pt-br\/publications\/oil-vs-global-business-cycles-decifrando-os-ritmos-da-economia\/#primaryimage","url":"https:\/\/isimarkets.com\/wp-content\/uploads\/BLOGSOCIAL2028version202292028729.png","contentUrl":"https:\/\/isimarkets.com\/wp-content\/uploads\/BLOGSOCIAL2028version202292028729.png","width":1200,"height":627},{"@type":"BreadcrumbList","@id":"https:\/\/isimarkets.com\/pt-br\/publications\/oil-vs-global-business-cycles-decifrando-os-ritmos-da-economia\/#breadcrumb","itemListElement":[{"@type":"ListItem","position":1,"name":"Home","item":"https:\/\/isimarkets.com\/pt-br\/lar-pt-br\/"},{"@type":"ListItem","position":2,"name":"Oil vs. Global Business Cycles &#8211; Decifrando os Ritmos da Economia"}]},{"@type":"WebSite","@id":"https:\/\/isimarkets.com\/pt-br\/#website","url":"https:\/\/isimarkets.com\/pt-br\/","name":"ISI","description":"Global Market Intelligence Platform","publisher":{"@id":"https:\/\/isimarkets.com\/pt-br\/#organization"},"potentialAction":[{"@type":"SearchAction","target":{"@type":"EntryPoint","urlTemplate":"https:\/\/isimarkets.com\/pt-br\/?s={search_term_string}"},"query-input":{"@type":"PropertyValueSpecification","valueRequired":true,"valueName":"search_term_string"}}],"inLanguage":"pt-BR"},{"@type":"Organization","@id":"https:\/\/isimarkets.com\/pt-br\/#organization","name":"ISI","url":"https:\/\/isimarkets.com\/pt-br\/","logo":{"@type":"ImageObject","inLanguage":"pt-BR","@id":"https:\/\/isimarkets.com\/pt-br\/#\/schema\/logo\/image\/","url":"https:\/\/isimarkets.com\/wp-content\/uploads\/2026\/03\/ISI-Favicon-Logo-512px.webp","contentUrl":"https:\/\/isimarkets.com\/wp-content\/uploads\/2026\/03\/ISI-Favicon-Logo-512px.webp","width":512,"height":512,"caption":"ISI"},"image":{"@id":"https:\/\/isimarkets.com\/pt-br\/#\/schema\/logo\/image\/"},"sameAs":["https:\/\/www.linkedin.com\/company\/isi-markets\/?viewAsMember=true"]},{"@type":"Person","@id":"https:\/\/isimarkets.com\/pt-br\/#\/schema\/person\/913dfa93820eb94b3849b4ff3fd6cd86","name":"CEIC","image":{"@type":"ImageObject","inLanguage":"pt-BR","@id":"https:\/\/secure.gravatar.com\/avatar\/efc8023cc28a18ee792ca76e93f21ff225770d569b19f98539fe010e6014112c?s=96&d=mm&r=g","url":"https:\/\/secure.gravatar.com\/avatar\/efc8023cc28a18ee792ca76e93f21ff225770d569b19f98539fe010e6014112c?s=96&d=mm&r=g","contentUrl":"https:\/\/secure.gravatar.com\/avatar\/efc8023cc28a18ee792ca76e93f21ff225770d569b19f98539fe010e6014112c?s=96&d=mm&r=g","caption":"CEIC"},"sameAs":["https:\/\/isimarkets.com"],"url":"https:\/\/isimarkets.com\/pt-br\/author\/ceic_user\/"}]}},"_links":{"self":[{"href":"https:\/\/isimarkets.com\/pt-br\/wp-json\/wp\/v2\/posts\/3234","targetHints":{"allow":["GET"]}}],"collection":[{"href":"https:\/\/isimarkets.com\/pt-br\/wp-json\/wp\/v2\/posts"}],"about":[{"href":"https:\/\/isimarkets.com\/pt-br\/wp-json\/wp\/v2\/types\/post"}],"author":[{"embeddable":true,"href":"https:\/\/isimarkets.com\/pt-br\/wp-json\/wp\/v2\/users\/5"}],"replies":[{"embeddable":true,"href":"https:\/\/isimarkets.com\/pt-br\/wp-json\/wp\/v2\/comments?post=3234"}],"version-history":[{"count":1,"href":"https:\/\/isimarkets.com\/pt-br\/wp-json\/wp\/v2\/posts\/3234\/revisions"}],"predecessor-version":[{"id":3238,"href":"https:\/\/isimarkets.com\/pt-br\/wp-json\/wp\/v2\/posts\/3234\/revisions\/3238"}],"wp:featuredmedia":[{"embeddable":true,"href":"https:\/\/isimarkets.com\/pt-br\/wp-json\/wp\/v2\/media\/3235"}],"wp:attachment":[{"href":"https:\/\/isimarkets.com\/pt-br\/wp-json\/wp\/v2\/media?parent=3234"}],"wp:term":[{"taxonomy":"category","embeddable":true,"href":"https:\/\/isimarkets.com\/pt-br\/wp-json\/wp\/v2\/categories?post=3234"},{"taxonomy":"post_tag","embeddable":true,"href":"https:\/\/isimarkets.com\/pt-br\/wp-json\/wp\/v2\/tags?post=3234"},{"taxonomy":"product","embeddable":true,"href":"https:\/\/isimarkets.com\/pt-br\/wp-json\/wp\/v2\/product?post=3234"},{"taxonomy":"region","embeddable":true,"href":"https:\/\/isimarkets.com\/pt-br\/wp-json\/wp\/v2\/region?post=3234"}],"curies":[{"name":"wp","href":"https:\/\/api.w.org\/{rel}","templated":true}]}}